{"id":1541,"date":"2020-03-19T14:26:06","date_gmt":"2020-03-19T17:26:06","guid":{"rendered":"https:\/\/fastindustria.com.br\/?p=1541"},"modified":"2023-06-28T09:44:38","modified_gmt":"2023-06-28T12:44:38","slug":"fast-participa-do-15o-dia-de-campo-de-olivicultura-promovido-pela-epamig","status":"publish","type":"post","link":"https:\/\/fastindustria.com.br\/es\/fast-participa-do-15o-dia-de-campo-de-olivicultura-promovido-pela-epamig\/","title":{"rendered":"Fast participa en la XV Jornada de Campo Ole\u00edcola, impulsada por EPAMIG"},"content":{"rendered":"<p>El pasado viernes 13 de marzo, en Maria da F\u00e9\/MG, tuvo lugar la 15\u00aa edici\u00f3n de la Jornada de Campo Ole\u00edcola, promovida por EPAMIG. El evento cont\u00f3 con conferencias, actividades en olivar, visitas a agronegocios, empresas y muchas novedades para 2020 en el segmento del aceite de oliva nacional.<\/p>\n<p>&nbsp;<\/p>\n<p>Fast estuvo presente en la ocasi\u00f3n junto con participantes de todo el pa\u00eds. Paralelamente al D\u00eda de Campo, se llev\u00f3 a cabo la V Muestra Tecnol\u00f3gica, que reuni\u00f3 a expositores de todo Brasil para mostrar productos y novedades oliv\u00edcolas.<\/p>\n<p>&nbsp;<\/p>\n<p>\u201c\u00a1El evento fue un \u00e9xito! Recibimos buena respuesta del p\u00fablico y varios elogios sobre las conferencias y din\u00e1micas de campo\u201d, declar\u00f3 Luiz Fernando de Oliveira, coordinador del Programa Estatal de Investigaci\u00f3n en Aceite de Oliva de la EPAMIG.<\/p>\n<p>&nbsp;<\/p>\n<p>Seg\u00fan Leonardo Kalil, Director de Administraci\u00f3n y Finanzas de EPAMIG,<\/p>\n<p>\u201cEl D\u00eda del Campo Oliv\u00edcola es un evento que crece cada a\u00f1o y muestra la fortaleza de la olivicultura y del aceite de oliva en Minas Gerais. No es poca cosa decir que Brasil inici\u00f3 la producci\u00f3n de aceite de oliva aqu\u00ed en EPAMIG. El papel de la investigaci\u00f3n p\u00fablica es precisamente ese, crear una cadena de valor, crear nuevas oportunidades de negocio y desarrollo regional. Esto nos llena de orgullo\u201d.<\/p>","protected":false},"excerpt":{"rendered":"<p>El pasado viernes 13 de marzo, en Maria da F\u00e9\/MG, tuvo lugar la 15\u00aa edici\u00f3n de la Jornada de Campo Ole\u00edcola, promovida por EPAMIG. El evento cont\u00f3 con conferencias, actividades en olivar, visitas a agronegocios, empresas y muchas novedades para 2020 en el segmento del aceite de oliva nacional.  Fast estuvo presente [\u2026]<\/p>","protected":false},"author":1,"featured_media":1542,"comment_status":"open","ping_status":"open","sticky":false,"template":"","format":"standard","meta":{"arquivo_cliente":"","_joinchat":[],"footnotes":""},"categories":[42],"tags":[],"class_list":["post-1541","post","type-post","status-publish","format-standard","has-post-thumbnail","hentry","category-noticias"],"acf":[],"_links":{"self":[{"href":"https:\/\/fastindustria.com.br\/es\/wp-json\/wp\/v2\/posts\/1541","targetHints":{"allow":["GET"]}}],"collection":[{"href":"https:\/\/fastindustria.com.br\/es\/wp-json\/wp\/v2\/posts"}],"about":[{"href":"https:\/\/fastindustria.com.br\/es\/wp-json\/wp\/v2\/types\/post"}],"author":[{"embeddable":true,"href":"https:\/\/fastindustria.com.br\/es\/wp-json\/wp\/v2\/users\/1"}],"replies":[{"embeddable":true,"href":"https:\/\/fastindustria.com.br\/es\/wp-json\/wp\/v2\/comments?post=1541"}],"version-history":[{"count":1,"href":"https:\/\/fastindustria.com.br\/es\/wp-json\/wp\/v2\/posts\/1541\/revisions"}],"predecessor-version":[{"id":1543,"href":"https:\/\/fastindustria.com.br\/es\/wp-json\/wp\/v2\/posts\/1541\/revisions\/1543"}],"wp:featuredmedia":[{"embeddable":true,"href":"https:\/\/fastindustria.com.br\/es\/wp-json\/wp\/v2\/media\/1542"}],"wp:attachment":[{"href":"https:\/\/fastindustria.com.br\/es\/wp-json\/wp\/v2\/media?parent=1541"}],"wp:term":[{"taxonomy":"category","embeddable":true,"href":"https:\/\/fastindustria.com.br\/es\/wp-json\/wp\/v2\/categories?post=1541"},{"taxonomy":"post_tag","embeddable":true,"href":"https:\/\/fastindustria.com.br\/es\/wp-json\/wp\/v2\/tags?post=1541"}],"curies":[{"name":"wp","href":"https:\/\/api.w.org\/{rel}","templated":true}]}}